[{"@context":"https:\/\/schema.org\/","@type":"Article","@id":"https:\/\/www.bahen.cz\/montaz-nabytku-vdecne-tema-pro-stehovaci-firmy\/#Article","mainEntityOfPage":"https:\/\/www.bahen.cz\/montaz-nabytku-vdecne-tema-pro-stehovaci-firmy\/","headline":"Mont\u00e1\u017e n\u00e1bytku \u2013 vd\u011b\u010dn\u00e9 t\u00e9ma pro st\u011bhovac\u00ed firmy","name":"Mont\u00e1\u017e n\u00e1bytku \u2013 vd\u011b\u010dn\u00e9 t\u00e9ma pro st\u011bhovac\u00ed firmy","description":"Kdy\u017e jste za socialismu chystali st\u011bhov\u00e1n\u00ed a poda\u0159ilo se v\u00e1m sehnat ochotn\u00e9 st\u011bhov\u00e1ky, neb\u00fdvalo zvykem, \u017ee byste je po\u017e\u00e1dali o rozmontov\u00e1n\u00ed n\u00e1bytku. V t\u00e9 dob\u011b se vyr\u00e1b\u011bl n\u00e1bytek sektorov\u00fd, kter\u00fd byl \u010dastokr\u00e1t k vid\u011bn\u00ed v ob\u00fdvac\u00edch pokoj\u00edch, a tehdy se n\u00e1bytek nevyr\u00e1b\u011bl tak, jako dnes, kdy jej sestavujete jako stavebnici.","datePublished":"2021-11-22","dateModified":"2021-11-22","author":{"@type":"Person","@id":"https:\/\/www.bahen.cz\/author\/#Person","name":"","url":"https:\/\/www.bahen.cz\/author\/","identifier":1,"image":{"@type":"ImageObject","@id":"https:\/\/secure.gravatar.com\/avatar\/06eaac2906ebd8f5abb4917f3140de1503ec690466d6a69c4ec202bf5b15537c?s=96&d=mm&r=g","url":"https:\/\/secure.gravatar.com\/avatar\/06eaac2906ebd8f5abb4917f3140de1503ec690466d6a69c4ec202bf5b15537c?s=96&d=mm&r=g","height":96,"width":96}},"publisher":{"@type":"Organization","name":"bahen.cz","logo":{"@type":"ImageObject","@id":"\/logo.png","url":"\/logo.png","width":600,"height":60}},"image":{"@type":"ImageObject","@id":"https:\/\/www.bahen.cz\/wp-content\/uploads\/dressing-room-1137941_640_4.jpg","url":"https:\/\/www.bahen.cz\/wp-content\/uploads\/dressing-room-1137941_640_4.jpg","height":0,"width":0},"url":"https:\/\/www.bahen.cz\/montaz-nabytku-vdecne-tema-pro-stehovaci-firmy\/","about":["Web"],"wordCount":433,"articleBody":"   Kdy\u017e jste za socialismu chystali st\u011bhov\u00e1n\u00ed a poda\u0159ilo se v\u00e1m sehnat ochotn\u00e9 st\u011bhov\u00e1ky, neb\u00fdvalo zvykem, \u017ee byste je po\u017e\u00e1dali o rozmontov\u00e1n\u00ed n\u00e1bytku. V t\u00e9 dob\u011b se vyr\u00e1b\u011bl n\u00e1bytek sektorov\u00fd, kter\u00fd byl \u010dastokr\u00e1t k vid\u011bn\u00ed v ob\u00fdvac\u00edch pokoj\u00edch, a tehdy se n\u00e1bytek nevyr\u00e1b\u011bl tak, jako dnes, kdy jej sestavujete jako stavebnici.Se stavebnicov\u00fdm syst\u00e9mem se za\u010dalo a\u017e pozd\u011bji, souviselo to mimo jin\u00e9 i s omezen\u00fdm skladovac\u00edm prostorem p\u0159i v\u00fdrob\u011b a transportu tohoto typu zbo\u017e\u00ed, a tak je dnes docela b\u011b\u017en\u00e9, \u017ee koup\u00edte-li si sk\u0159\u00ed\u0148, psac\u00ed st\u016fl, komodu nebo postel nap\u0159. v IKEA, budete si ji muset doma sestavit sami. N\u011bco podobn\u00e9ho se v\u00e1s t\u00fdk\u00e1 i p\u0159i p\u0159est\u011bhov\u00e1n\u00ed vestav\u011bn\u00e9 sk\u0159\u00edn\u011b na m\u00edru.O co m\u016f\u017eete po\u017e\u00e1dat st\u011bhovac\u00ed firmu v t\u00e9to souvislostiSt\u011bhov\u00e1n\u00ed \u2013 v p\u0159\u00edpad\u011b st\u011bhov\u00e1n\u00ed r\u016fzn\u00e9ho rozsahu a na jakoukoli vzd\u00e1lenost je st\u011bhovac\u00ed firma p\u0159ipravena na va\u0161i \u017e\u00e1dost n\u00e1bytek rozebrat a smontovat na nov\u00e9m m\u00edst\u011b a sou\u010dasn\u011b ru\u010dit pojistnou smlouvou, to pro p\u0159\u00edpad, kdy se cokoli po\u0161kod\u00ed nebo ztrat\u00ed. Dnes je mont\u00e1\u017e n\u00e1bytku v Praze a kdekoli jinde b\u011b\u017enou sou\u010d\u00e1st\u00ed t\u011bchto slu\u017eeb.Mont\u00e1\u017e nov\u00e9 sk\u0159\u00edn\u011b \u2013 st\u011bhov\u00e1ky m\u016f\u017eete poprosit i o smontov\u00e1n\u00ed n\u00e1bytku, pokud jej koup\u00edte jako nov\u00fd, a netrouf\u00e1te si na tento obt\u00ed\u017en\u00fd krok. Ka\u017ed\u00fd nen\u00ed technicky zdatn\u00fd, ka\u017ed\u00fd nem\u00e1 pot\u0159ebnou fyzi\u010dku nebo n\u00e1\u0159ad\u00ed. Nemus\u00edte se tedy nutn\u011b nikam st\u011bhovat a tuto slu\u017ebu si objedn\u00e1te v m\u00edst\u011b va\u0161eho bydli\u0161t\u011b \u010di kdekoli jinde, kde budete n\u00e1bytek vyu\u017e\u00edvat.P\u0159em\u00edst\u011bn\u00ed n\u00e1bytku v dom\u011b \u2013 m\u016f\u017ee se st\u00e1t, \u017ee pot\u0159ebujete p\u0159em\u00edstit rozeb\u00edrateln\u00fd n\u00e1bytek t\u0159eba jen v rodinn\u00e9m dom\u011b, \u0159ekn\u011bme z p\u0159\u00edzem\u00ed do druh\u00e9ho patra, nap\u0159. u v\u00edcegenera\u010dn\u00edho bydlen\u00ed. T\u0159eba se jedn\u00e1 o slo\u017eitou sestavu v\u00edce sk\u0159\u00edn\u00ed nebo postel (man\u017eelsk\u00e9 dvojl\u016f\u017eko), kter\u00e9 nen\u00ed vhodn\u00e9 st\u011bhovat sestaven\u00e9. I tehdy se st\u011bhovac\u00ed firma m\u016f\u017ee hodit, a\u010dkoli se zd\u00e1, \u017ee je to pro ni nezaj\u00edmav\u00e1 zak\u00e1zka. Podstatn\u00e9 je ov\u0161em nal\u00e9zt takovou firmu, kter\u00e1 bude ochotn\u00e1 v\u00e1m i v tomto sm\u011bru vyj\u00edt vst\u0159\u00edc.                                                                                                                                                                                                                                                                                                                                                                                          4.4\/5 - (5 votes)        "},{"@context":"https:\/\/schema.org\/","@type":"BreadcrumbList","itemListElement":[{"@type":"ListItem","position":1,"name":"Mont\u00e1\u017e n\u00e1bytku \u2013 vd\u011b\u010dn\u00e9 t\u00e9ma pro st\u011bhovac\u00ed firmy","item":"https:\/\/www.bahen.cz\/montaz-nabytku-vdecne-tema-pro-stehovaci-firmy\/#breadcrumbitem"}]}]