[{"@context":"https:\/\/schema.org\/","@type":"Blog","@id":"https:\/\/www.bahen.cz#Blog","headline":"Bahen","description":"\nLid\u00e9 maj\u00ed r\u016fzn\u00e9 pot\u0159eby, je\u017e uspokojuj\u00ed na r\u016fzn\u00fdch webech. A pokud maj\u00ed takov\u00e9 pot\u0159eby, jak\u00e9 jim m\u016f\u017eeme uspokojit my, nav\u0161t\u011bvuj\u00ed logicky hojn\u011b i n\u00e1s.","url":"https:\/\/www.bahen.cz","hasPart":[{"@type":"Article","@id":"https:\/\/www.bahen.cz\/misto-pro-vasi-aktivni-dovolenou\/","headline":"M\u00edsto pro Va\u0161i aktivn\u00ed dovolenou","url":"https:\/\/www.bahen.cz\/misto-pro-vasi-aktivni-dovolenou\/","datePublished":"2025-07-09","dateModified":"2025-07-09","mainEntityOfPage":"https:\/\/www.bahen.cz\/misto-pro-vasi-aktivni-dovolenou\/","author":{"@type":"Person","@id":"https:\/\/www.bahen.cz\/author\/#Person","name":"","url":"https:\/\/www.bahen.cz\/author\/","identifier":1,"image":{"@type":"ImageObject","@id":"https:\/\/secure.gravatar.com\/avatar\/06eaac2906ebd8f5abb4917f3140de1503ec690466d6a69c4ec202bf5b15537c?s=96&d=mm&r=g","url":"https:\/\/secure.gravatar.com\/avatar\/06eaac2906ebd8f5abb4917f3140de1503ec690466d6a69c4ec202bf5b15537c?s=96&d=mm&r=g","height":96,"width":96}},"publisher":{"@type":"Organization","name":"bahen.cz","logo":{"@type":"ImageObject","@id":"\/logo.png","url":"\/logo.png","width":600,"height":60}},"image":null,"wordCount":206,"keywords":null},{"@type":"Article","@id":"https:\/\/www.bahen.cz\/potkany-nikdo-nechce\/","headline":"Potkany nikdo nechce","url":"https:\/\/www.bahen.cz\/potkany-nikdo-nechce\/","datePublished":"2025-07-06","dateModified":"2025-07-06","mainEntityOfPage":"https:\/\/www.bahen.cz\/potkany-nikdo-nechce\/","author":{"@type":"Person","@id":"https:\/\/www.bahen.cz\/author\/#Person","name":"","url":"https:\/\/www.bahen.cz\/author\/","identifier":1,"image":{"@type":"ImageObject","@id":"https:\/\/secure.gravatar.com\/avatar\/06eaac2906ebd8f5abb4917f3140de1503ec690466d6a69c4ec202bf5b15537c?s=96&d=mm&r=g","url":"https:\/\/secure.gravatar.com\/avatar\/06eaac2906ebd8f5abb4917f3140de1503ec690466d6a69c4ec202bf5b15537c?s=96&d=mm&r=g","height":96,"width":96}},"publisher":{"@type":"Organization","name":"bahen.cz","logo":{"@type":"ImageObject","@id":"\/logo.png","url":"\/logo.png","width":600,"height":60}},"image":{"@type":"ImageObject","@id":"https:\/\/www.bahen.cz\/wp-content\/uploads\/merle-2035467_640.jpg","url":"https:\/\/www.bahen.cz\/wp-content\/uploads\/merle-2035467_640.jpg","height":0,"width":0},"wordCount":599,"keywords":null},{"@type":"Article","@id":"https:\/\/www.bahen.cz\/nejde-jenom-o-nejakou-kytku\/","headline":"Nejde jenom o n\u011bjakou kytku","url":"https:\/\/www.bahen.cz\/nejde-jenom-o-nejakou-kytku\/","datePublished":"2025-07-06","dateModified":"2025-07-06","mainEntityOfPage":"https:\/\/www.bahen.cz\/nejde-jenom-o-nejakou-kytku\/","author":{"@type":"Person","@id":"https:\/\/www.bahen.cz\/author\/#Person","name":"","url":"https:\/\/www.bahen.cz\/author\/","identifier":1,"image":{"@type":"ImageObject","@id":"https:\/\/secure.gravatar.com\/avatar\/06eaac2906ebd8f5abb4917f3140de1503ec690466d6a69c4ec202bf5b15537c?s=96&d=mm&r=g","url":"https:\/\/secure.gravatar.com\/avatar\/06eaac2906ebd8f5abb4917f3140de1503ec690466d6a69c4ec202bf5b15537c?s=96&d=mm&r=g","height":96,"width":96}},"publisher":{"@type":"Organization","name":"bahen.cz","logo":{"@type":"ImageObject","@id":"\/logo.png","url":"\/logo.png","width":600,"height":60}},"image":{"@type":"ImageObject","@id":"https:\/\/www.bahen.cz\/wp-content\/uploads\/kkkkkkkkkkkkkkkk_2.jpg","url":"https:\/\/www.bahen.cz\/wp-content\/uploads\/kkkkkkkkkkkkkkkk_2.jpg","height":0,"width":0},"wordCount":629,"keywords":null},{"@type":"Article","@id":"https:\/\/www.bahen.cz\/odpocinek-v-pozadi-s-kvetinami\/","headline":"Odpo\u010dinek v pozad\u00ed s kv\u011btinami","url":"https:\/\/www.bahen.cz\/odpocinek-v-pozadi-s-kvetinami\/","datePublished":"2025-07-04","dateModified":"2025-07-04","mainEntityOfPage":"https:\/\/www.bahen.cz\/odpocinek-v-pozadi-s-kvetinami\/","author":{"@type":"Person","@id":"https:\/\/www.bahen.cz\/author\/#Person","name":"","url":"https:\/\/www.bahen.cz\/author\/","identifier":1,"image":{"@type":"ImageObject","@id":"https:\/\/secure.gravatar.com\/avatar\/06eaac2906ebd8f5abb4917f3140de1503ec690466d6a69c4ec202bf5b15537c?s=96&d=mm&r=g","url":"https:\/\/secure.gravatar.com\/avatar\/06eaac2906ebd8f5abb4917f3140de1503ec690466d6a69c4ec202bf5b15537c?s=96&d=mm&r=g","height":96,"width":96}},"publisher":{"@type":"Organization","name":"bahen.cz","logo":{"@type":"ImageObject","@id":"\/logo.png","url":"\/logo.png","width":600,"height":60}},"image":null,"wordCount":214,"keywords":null},{"@type":"Article","@id":"https:\/\/www.bahen.cz\/klasika-nikdy-nevyjde-z-mody\/","headline":"Klasika nikdy nevyjde z m\u00f3dy","url":"https:\/\/www.bahen.cz\/klasika-nikdy-nevyjde-z-mody\/","datePublished":"2025-06-26","dateModified":"2025-06-26","mainEntityOfPage":"https:\/\/www.bahen.cz\/klasika-nikdy-nevyjde-z-mody\/","author":{"@type":"Person","@id":"https:\/\/www.bahen.cz\/author\/#Person","name":"","url":"https:\/\/www.bahen.cz\/author\/","identifier":1,"image":{"@type":"ImageObject","@id":"https:\/\/secure.gravatar.com\/avatar\/06eaac2906ebd8f5abb4917f3140de1503ec690466d6a69c4ec202bf5b15537c?s=96&d=mm&r=g","url":"https:\/\/secure.gravatar.com\/avatar\/06eaac2906ebd8f5abb4917f3140de1503ec690466d6a69c4ec202bf5b15537c?s=96&d=mm&r=g","height":96,"width":96}},"publisher":{"@type":"Organization","name":"bahen.cz","logo":{"@type":"ImageObject","@id":"\/logo.png","url":"\/logo.png","width":600,"height":60}},"image":null,"wordCount":199,"keywords":null},{"@type":"Article","@id":"https:\/\/www.bahen.cz\/dlouhodobe-uzivani-je-cloveku-prospesne\/","headline":"Dlouhodob\u00e9 u\u017e\u00edv\u00e1n\u00ed je \u010dlov\u011bku prosp\u011b\u0161n\u00e9","url":"https:\/\/www.bahen.cz\/dlouhodobe-uzivani-je-cloveku-prospesne\/","datePublished":"2025-06-21","dateModified":"2025-06-21","mainEntityOfPage":"https:\/\/www.bahen.cz\/dlouhodobe-uzivani-je-cloveku-prospesne\/","author":{"@type":"Person","@id":"https:\/\/www.bahen.cz\/author\/#Person","name":"","url":"https:\/\/www.bahen.cz\/author\/","identifier":1,"image":{"@type":"ImageObject","@id":"https:\/\/secure.gravatar.com\/avatar\/06eaac2906ebd8f5abb4917f3140de1503ec690466d6a69c4ec202bf5b15537c?s=96&d=mm&r=g","url":"https:\/\/secure.gravatar.com\/avatar\/06eaac2906ebd8f5abb4917f3140de1503ec690466d6a69c4ec202bf5b15537c?s=96&d=mm&r=g","height":96,"width":96}},"publisher":{"@type":"Organization","name":"bahen.cz","logo":{"@type":"ImageObject","@id":"\/logo.png","url":"\/logo.png","width":600,"height":60}},"image":null,"wordCount":210,"keywords":null},{"@type":"Article","@id":"https:\/\/www.bahen.cz\/koureni-ktere-neposkozuje-organismus\/","headline":"Kou\u0159en\u00ed, kter\u00e9 nepo\u0161kozuje organismus","url":"https:\/\/www.bahen.cz\/koureni-ktere-neposkozuje-organismus\/","datePublished":"2025-06-14","dateModified":"2025-06-14","mainEntityOfPage":"https:\/\/www.bahen.cz\/koureni-ktere-neposkozuje-organismus\/","author":{"@type":"Person","@id":"https:\/\/www.bahen.cz\/author\/#Person","name":"","url":"https:\/\/www.bahen.cz\/author\/","identifier":1,"image":{"@type":"ImageObject","@id":"https:\/\/secure.gravatar.com\/avatar\/06eaac2906ebd8f5abb4917f3140de1503ec690466d6a69c4ec202bf5b15537c?s=96&d=mm&r=g","url":"https:\/\/secure.gravatar.com\/avatar\/06eaac2906ebd8f5abb4917f3140de1503ec690466d6a69c4ec202bf5b15537c?s=96&d=mm&r=g","height":96,"width":96}},"publisher":{"@type":"Organization","name":"bahen.cz","logo":{"@type":"ImageObject","@id":"\/logo.png","url":"\/logo.png","width":600,"height":60}},"image":null,"wordCount":186,"keywords":null},{"@type":"Article","@id":"https:\/\/www.bahen.cz\/penize-na-dum\/","headline":"Pen\u00edze na d\u016fm","url":"https:\/\/www.bahen.cz\/penize-na-dum\/","datePublished":"2025-06-09","dateModified":"2025-06-09","mainEntityOfPage":"https:\/\/www.bahen.cz\/penize-na-dum\/","author":{"@type":"Person","@id":"https:\/\/www.bahen.cz\/author\/#Person","name":"","url":"https:\/\/www.bahen.cz\/author\/","identifier":1,"image":{"@type":"ImageObject","@id":"https:\/\/secure.gravatar.com\/avatar\/06eaac2906ebd8f5abb4917f3140de1503ec690466d6a69c4ec202bf5b15537c?s=96&d=mm&r=g","url":"https:\/\/secure.gravatar.com\/avatar\/06eaac2906ebd8f5abb4917f3140de1503ec690466d6a69c4ec202bf5b15537c?s=96&d=mm&r=g","height":96,"width":96}},"publisher":{"@type":"Organization","name":"bahen.cz","logo":{"@type":"ImageObject","@id":"\/logo.png","url":"\/logo.png","width":600,"height":60}},"image":{"@type":"ImageObject","@id":"https:\/\/www.bahen.cz\/wp-content\/uploads\/money-2259045_640_1.jpg","url":"https:\/\/www.bahen.cz\/wp-content\/uploads\/money-2259045_640_1.jpg","height":0,"width":0},"wordCount":599,"keywords":null},{"@type":"Article","@id":"https:\/\/www.bahen.cz\/i-na-prochazce-se-psem-budete-v-nasi-mikine-vypadat-skvele\/","headline":"I na proch\u00e1zce se psem budete v na\u0161\u00ed mikin\u011b vypadat skv\u011ble","url":"https:\/\/www.bahen.cz\/i-na-prochazce-se-psem-budete-v-nasi-mikine-vypadat-skvele\/","datePublished":"2025-06-08","dateModified":"2025-06-08","mainEntityOfPage":"https:\/\/www.bahen.cz\/i-na-prochazce-se-psem-budete-v-nasi-mikine-vypadat-skvele\/","author":{"@type":"Person","@id":"https:\/\/www.bahen.cz\/author\/#Person","name":"","url":"https:\/\/www.bahen.cz\/author\/","identifier":1,"image":{"@type":"ImageObject","@id":"https:\/\/secure.gravatar.com\/avatar\/06eaac2906ebd8f5abb4917f3140de1503ec690466d6a69c4ec202bf5b15537c?s=96&d=mm&r=g","url":"https:\/\/secure.gravatar.com\/avatar\/06eaac2906ebd8f5abb4917f3140de1503ec690466d6a69c4ec202bf5b15537c?s=96&d=mm&r=g","height":96,"width":96}},"publisher":{"@type":"Organization","name":"bahen.cz","logo":{"@type":"ImageObject","@id":"\/logo.png","url":"\/logo.png","width":600,"height":60}},"image":null,"wordCount":230,"keywords":null},{"@type":"Article","@id":"https:\/\/www.bahen.cz\/kam-pozvat-vasi-divku-na-rande\/","headline":"Kam pozvat va\u0161i d\u00edvku na rande","url":"https:\/\/www.bahen.cz\/kam-pozvat-vasi-divku-na-rande\/","datePublished":"2025-06-07","dateModified":"2025-06-07","mainEntityOfPage":"https:\/\/www.bahen.cz\/kam-pozvat-vasi-divku-na-rande\/","author":{"@type":"Person","@id":"https:\/\/www.bahen.cz\/author\/#Person","name":"","url":"https:\/\/www.bahen.cz\/author\/","identifier":1,"image":{"@type":"ImageObject","@id":"https:\/\/secure.gravatar.com\/avatar\/06eaac2906ebd8f5abb4917f3140de1503ec690466d6a69c4ec202bf5b15537c?s=96&d=mm&r=g","url":"https:\/\/secure.gravatar.com\/avatar\/06eaac2906ebd8f5abb4917f3140de1503ec690466d6a69c4ec202bf5b15537c?s=96&d=mm&r=g","height":96,"width":96}},"publisher":{"@type":"Organization","name":"bahen.cz","logo":{"@type":"ImageObject","@id":"\/logo.png","url":"\/logo.png","width":600,"height":60}},"image":{"@type":"ImageObject","@id":"https:\/\/www.bahen.cz\/wp-content\/uploads\/daisies-6286585_640_3.jpg","url":"https:\/\/www.bahen.cz\/wp-content\/uploads\/daisies-6286585_640_3.jpg","height":0,"width":0},"wordCount":523,"keywords":null}]},{"@context":"https:\/\/schema.org","@type":"WebSite","@id":"https:\/\/www.bahen.cz\/#website","name":"Bahen","url":"https:\/\/www.bahen.cz","potentialAction":{"@type":"SearchAction","target":"https:\/\/www.bahen.cz\/?s={search_term_string}","query-input":"required name=search_term_string"}}]